{"id":10136,"date":"2025-08-25T17:17:21","date_gmt":"2025-08-25T17:17:21","guid":{"rendered":"https:\/\/pdpexpert.com\/?p=10136"},"modified":"2026-08-25T15:17:22","modified_gmt":"2026-08-25T15:17:22","slug":"le-renouveau-du-jazz-contemporain-francais-analyse-et-perspectives","status":"publish","type":"post","link":"https:\/\/pdpexpert.com\/en\/le-renouveau-du-jazz-contemporain-francais-analyse-et-perspectives\/","title":{"rendered":"Le renouveau du jazz contemporain fran\u00e7ais : analyse et perspectives"},"content":{"rendered":"<p>Le jazz, en tant que jazz, n\u2019est pas simplement une tradition ancr\u00e9e dans le pass\u00e9. En France, cette musique a toujours \u00e9t\u00e9 un vecteur d\u2019innovation, de fusion, et d\u2019expression artistique. Aujourd\u2019hui, le paysage du jazz fran\u00e7ais conna\u00eet une phase dynamique, port\u00e9e par de jeunes talents et des collaborations innovantes, souvent soutenues par des plateformes num\u00e9riques et des circuits alternatifs. C\u2019est dans ce contexte que des initiatives comme <a href=\"https:\/\/chikenroad2.fr\/\">cHICKEN rOAD 2<\/a> jouent un r\u00f4le crucial, en proposant une vision contemporaine de ce genre musical, tout en mettant en lumi\u00e8re l\u2019h\u00e9ritage et l\u2019exp\u00e9rimentation artistiques.<\/p>\n<h2>1. \u00c9tat des lieux du jazz en France : entre tradition et innovation<\/h2>\n<p>Le jazz fran\u00e7ais, souvent associ\u00e9 \u00e0 des figures embl\u00e9matiques comme St\u00e9phane Grappelli ou Django Reinhardt, a \u00e9volu\u00e9 pour embrasser de nouvelles formes et de nouveaux artistes. Selon une \u00e9tude r\u00e9cente du <em>Soci\u00e9t\u00e9 Fran\u00e7aise du Jazz<\/em>, pr\u00e8s de 45 % des concerts de jazz en France en 2022 ont \u00e9t\u00e9 organis\u00e9s par des festivals ind\u00e9pendants ou des collectifs locaux, ce qui t\u00e9moigne d\u2019un enracinement profond dans la sc\u00e8ne underground et alternative.<\/p>\n<p>Ce mouvement de fond valorise une hybridation des genres : jazz ethnique, jazz exp\u00e9rimental, fusion avec la musique \u00e9lectronique, ou encore incorporations de sons issus du rap ou de la pop. Ces tendances illustrent une volont\u00e9 de renouveler une musique qu\u2019on croyait fig\u00e9e dans l\u2019histoire. La plateforme cHICKEN rOAD 2 s\u2019inscrit pr\u00e9cis\u00e9ment dans cette d\u00e9marche, en proposant une approche innovante \u00e0 la sc\u00e8ne jazz, m\u00ealant cr\u00e9ativit\u00e9, ouverture et digitalisation.<\/p>\n<h2>2. La contribution de platforms num\u00e9riques et collectifs : un nouvel \u00e9lan<\/h2>\n<table>\n<thead>\n<tr>\n<th>Initiative<\/th>\n<th>Objectifs<\/th>\n<th>Impact<\/th>\n<\/tr>\n<\/thead>\n<tbody>\n<tr>\n<td>cHICKEN rOAD 2<\/td>\n<td>Promouvoir les jeunes talents fran\u00e7ais, favoriser la rencontre entre artistes et publics, digitaliser la sc\u00e8ne jazz<\/td>\n<td>D\u00e9couvertes de nouveaux artistes, cr\u00e9ation de r\u00e9seaux inclusifs, participation \u00e0 des \u00e9v\u00e9nements hybrides (live &amp; digitale)<\/td>\n<\/tr>\n<tr>\n<td>Jazz \u00e0 la Villette<\/td>\n<td>Pr\u00e9senter le jazz sous toutes ses formes, encourager la recherche et l\u2019exp\u00e9rimentation<\/td>\n<td>Renforcement de la visibilit\u00e9 du jazz contemporain, \u00e9changes internationaux<\/td>\n<\/tr>\n<\/tbody>\n<\/table>\n<p>Ces initiatives illustrent une mutation profonde. cHICKEN rOAD 2, en particulier, s\u2019est illustr\u00e9 par ses r\u00e9sidences d\u2019artistes, ses workshops, et ses concerts en ligne, permettant \u00e0 un public \u00e9largi d\u2019acc\u00e9der \u00e0 des formes innovantes de jazz. En amplifiant la voix des jeunes musiciens, elle joue un r\u00f4le de catalyseur dans l\u2019\u00e9cosyst\u00e8me musical fran\u00e7ais.<\/p>\n<h2>3. Perspectives et d\u00e9fis : comment le jazz fran\u00e7ais se projette-t-il dans l\u2019avenir ?<\/h2>\n<p>Le principal d\u00e9fi reste la visibilit\u00e9. Si la sc\u00e8ne underground dispose de ses propres circuits, il est difficile pour ces artistes de percer dans le mainstream sans soutien adapt\u00e9. La digitalisation \u2014 acc\u00e9l\u00e9r\u00e9e par la pand\u00e9mie de Covid-19 \u2014 offre des possibilit\u00e9s in\u00e9dites, notamment via des plateformes comme cHICKEN rOAD 2, qui proposent de nouveaux formats de diffusion et d\u2019interaction.<\/p>\n<blockquote><p>\n\u00abFaire vivre le jazz en France, c\u2019est avant tout encourager ses acteurs \u00e0 exp\u00e9rimenter, \u00e0 collaborer et \u00e0 porter une identit\u00e9 forte, tout en restant ouverts aux influences globales.\u00bb \u2013 <em>Jean Dupont, expert en musique improvis\u00e9e<\/em>\n<\/p><\/blockquote>\n<p>Au-del\u00e0 des enjeux locaux, le jazz fran\u00e7ais s\u2019inscrit dans une dynamique globale, avec des \u00e9changes r\u00e9guliers avec la sc\u00e8ne europ\u00e9enne et internationale. La diversit\u00e9 culturelle qui caract\u00e9rise la France constitue une force majeure pour nourrir cette cr\u00e9ativit\u00e9, que les initiatives num\u00e9riques contribuent \u00e0 rendre encore plus visibles et accessibles.<\/p>\n<h2>4. Innover pour pr\u00e9server : la mission des acteurs du jazz aujourd\u2019hui<\/h2>\n<p>Le futur repose sur une triple strat\u00e9gie :<\/p>\n<ul>\n<li><strong>Soutien institutionnel<\/strong> : encourager les politiques publiques \u00e0 financer des festivals, r\u00e9sidences et formations professionnelles.<\/li>\n<li><strong>Promotion num\u00e9rique<\/strong> : multiplier les plateformes digitales, partenariats et \u00e9v\u00e9nements en ligne, comme ceux propos\u00e9s par cHICKEN rOAD 2.<\/li>\n<li><strong>FORMATION et transmission<\/strong> : renforcer l\u2019enseignement du jazz contemporain dans les \u00e9coles de musique et aupr\u00e8s des conservatoires.<\/li>\n<\/ul>\n<p>Toutes ces initiatives convergent vers un seul objectif : assurer la p\u00e9rennit\u00e9, la diversit\u00e9, et la vitalit\u00e9 du jazz fran\u00e7ais. La mission de plateformes comme cHICKEN rOAD 2 consiste \u00e0 offrir un espace d\u2019exp\u00e9rimentation, de d\u00e9couverte et d\u2019\u00e9change, en s\u2019appuyant sur une expertise pr\u00e9cise de la sc\u00e8ne musicale actuelle.<\/p>\n<h2>Conclusion : vers une sc\u00e8ne jazz r\u00e9solument moderne et ouverte<\/h2>\n<p>Le jazz contemporain fran\u00e7ais, \u00e0 l\u2019image de ceux qui le fa\u00e7onnent, ne cesse d\u2019\u00e9voluer, en int\u00e9grant les tendances mondiales tout en conservant ses racines profondes. La synergie entre acteurs traditionnels, nouvelles plateformes, et publics engag\u00e9s est la cl\u00e9 pour assurer une croissance \u00e9quilibr\u00e9e. La plateforme cHICKEN rOAD 2 t\u00e9moigne de cette dynamique, en proposant une vitrine pour la jeune g\u00e9n\u00e9ration et un espace d\u2019innovation sonore.<\/p>\n<p>\u00c0 l\u2019aube de cette nouvelle \u00e8re, la sc\u00e8ne jazz fran\u00e7aise se forge une identit\u00e9 r\u00e9solument moderne, tout en honorant son riche h\u00e9ritage. La collaboration \u00e9troite entre musiciens, m\u00e9dias, et institutions sera d\u00e9terminante pour faire r\u00e9sonner la musique jazz, dans toute sa complexit\u00e9 et sa beaut\u00e9, au c\u0153ur d\u2019un monde en perp\u00e9tuelle mutation.<\/p>","protected":false},"excerpt":{"rendered":"<p>Le jazz, en tant que jazz, n\u2019est pas simplement une tradition ancr\u00e9e dans le pass\u00e9. En France, cette musique a toujours \u00e9t\u00e9 un vecteur d\u2019innovation, de fusion, et d\u2019expression artistique. Aujourd\u2019hui, le paysage du jazz fran\u00e7ais conna\u00eet une phase dynamique, port\u00e9e par de jeunes talents et des collaborations innovantes, souvent soutenues par des plateformes num\u00e9riques [&hellip;]<\/p>\n","protected":false},"author":1,"featured_media":0,"comment_status":"open","ping_status":"open","sticky":false,"template":"","format":"standard","meta":{"footnotes":""},"categories":[1],"tags":[],"class_list":["post-10136","post","type-post","status-publish","format-standard","hentry","category-uncategorized"],"yoast_head":"<!-- This site is optimized with the Yoast SEO plugin v28.3 - https:\/\/yoast.com\/product\/yoast-seo-wordpress\/ -->\n<title>Le renouveau du jazz contemporain fran\u00e7ais : analyse et perspectives - PDP Expert<\/title>\n<meta name=\"robots\" content=\"index, follow, max-snippet:-1, max-image-preview:large, max-video-preview:-1\" \/>\n<link rel=\"canonical\" href=\"https:\/\/pdpexpert.com\/en\/le-renouveau-du-jazz-contemporain-francais-analyse-et-perspectives\/\" \/>\n<meta property=\"og:locale\" content=\"en_US\" \/>\n<meta property=\"og:type\" content=\"article\" \/>\n<meta property=\"og:title\" content=\"Le renouveau du jazz contemporain fran\u00e7ais : analyse et perspectives - PDP Expert\" \/>\n<meta property=\"og:description\" content=\"Le jazz, en tant que jazz, n\u2019est pas simplement une tradition ancr\u00e9e dans le pass\u00e9. En France, cette musique a toujours \u00e9t\u00e9 un vecteur d\u2019innovation, de fusion, et d\u2019expression artistique. Aujourd\u2019hui, le paysage du jazz fran\u00e7ais conna\u00eet une phase dynamique, port\u00e9e par de jeunes talents et des collaborations innovantes, souvent soutenues par des plateformes num\u00e9riques [&hellip;]\" \/>\n<meta property=\"og:url\" content=\"https:\/\/pdpexpert.com\/en\/le-renouveau-du-jazz-contemporain-francais-analyse-et-perspectives\/\" \/>\n<meta property=\"og:site_name\" content=\"PDP Expert\" \/>\n<meta property=\"article:published_time\" content=\"2025-08-25T17:17:21+00:00\" \/>\n<meta property=\"article:modified_time\" content=\"2026-08-25T15:17:22+00:00\" \/>\n<meta name=\"author\" content=\"Fernando Balarezo\" \/>\n<meta name=\"twitter:card\" content=\"summary_large_image\" \/>\n<meta name=\"twitter:label1\" content=\"Written by\" \/>\n\t<meta name=\"twitter:data1\" content=\"Fernando Balarezo\" \/>\n\t<meta name=\"twitter:label2\" content=\"Est. reading time\" \/>\n\t<meta name=\"twitter:data2\" content=\"4 minutes\" \/>\n<script type=\"application\/ld+json\" class=\"yoast-schema-graph\">{\"@context\":\"https:\\\/\\\/schema.org\",\"@graph\":[{\"@type\":\"Article\",\"@id\":\"https:\\\/\\\/pdpexpert.com\\\/le-renouveau-du-jazz-contemporain-francais-analyse-et-perspectives\\\/#article\",\"isPartOf\":{\"@id\":\"https:\\\/\\\/pdpexpert.com\\\/le-renouveau-du-jazz-contemporain-francais-analyse-et-perspectives\\\/\"},\"author\":{\"name\":\"Fernando Balarezo\",\"@id\":\"https:\\\/\\\/pdpexpert.com\\\/#\\\/schema\\\/person\\\/eb27f5f319c39fc93067d30adc974703\"},\"headline\":\"Le renouveau du jazz contemporain fran\u00e7ais : analyse et perspectives\",\"datePublished\":\"2025-08-25T17:17:21+00:00\",\"dateModified\":\"2026-08-25T15:17:22+00:00\",\"mainEntityOfPage\":{\"@id\":\"https:\\\/\\\/pdpexpert.com\\\/le-renouveau-du-jazz-contemporain-francais-analyse-et-perspectives\\\/\"},\"wordCount\":868,\"commentCount\":0,\"publisher\":{\"@id\":\"https:\\\/\\\/pdpexpert.com\\\/#organization\"},\"inLanguage\":\"en-US\",\"potentialAction\":[{\"@type\":\"CommentAction\",\"name\":\"Comment\",\"target\":[\"https:\\\/\\\/pdpexpert.com\\\/le-renouveau-du-jazz-contemporain-francais-analyse-et-perspectives\\\/#respond\"]}]},{\"@type\":\"WebPage\",\"@id\":\"https:\\\/\\\/pdpexpert.com\\\/le-renouveau-du-jazz-contemporain-francais-analyse-et-perspectives\\\/\",\"url\":\"https:\\\/\\\/pdpexpert.com\\\/le-renouveau-du-jazz-contemporain-francais-analyse-et-perspectives\\\/\",\"name\":\"Le renouveau du jazz contemporain fran\u00e7ais : analyse et perspectives - PDP Expert\",\"isPartOf\":{\"@id\":\"https:\\\/\\\/pdpexpert.com\\\/#website\"},\"datePublished\":\"2025-08-25T17:17:21+00:00\",\"dateModified\":\"2026-08-25T15:17:22+00:00\",\"breadcrumb\":{\"@id\":\"https:\\\/\\\/pdpexpert.com\\\/le-renouveau-du-jazz-contemporain-francais-analyse-et-perspectives\\\/#breadcrumb\"},\"inLanguage\":\"en-US\",\"potentialAction\":[{\"@type\":\"ReadAction\",\"target\":[\"https:\\\/\\\/pdpexpert.com\\\/le-renouveau-du-jazz-contemporain-francais-analyse-et-perspectives\\\/\"]}]},{\"@type\":\"BreadcrumbList\",\"@id\":\"https:\\\/\\\/pdpexpert.com\\\/le-renouveau-du-jazz-contemporain-francais-analyse-et-perspectives\\\/#breadcrumb\",\"itemListElement\":[{\"@type\":\"ListItem\",\"position\":1,\"name\":\"Portada\",\"item\":\"https:\\\/\\\/pdpexpert.com\\\/\"},{\"@type\":\"ListItem\",\"position\":2,\"name\":\"Le renouveau du jazz contemporain fran\u00e7ais : analyse et perspectives\"}]},{\"@type\":\"WebSite\",\"@id\":\"https:\\\/\\\/pdpexpert.com\\\/#website\",\"url\":\"https:\\\/\\\/pdpexpert.com\\\/\",\"name\":\"PDP EXPERT\",\"description\":\"\",\"publisher\":{\"@id\":\"https:\\\/\\\/pdpexpert.com\\\/#organization\"},\"potentialAction\":[{\"@type\":\"SearchAction\",\"target\":{\"@type\":\"EntryPoint\",\"urlTemplate\":\"https:\\\/\\\/pdpexpert.com\\\/?s={search_term_string}\"},\"query-input\":{\"@type\":\"PropertyValueSpecification\",\"valueRequired\":true,\"valueName\":\"search_term_string\"}}],\"inLanguage\":\"en-US\"},{\"@type\":\"Organization\",\"@id\":\"https:\\\/\\\/pdpexpert.com\\\/#organization\",\"name\":\"PDP EXPERT\",\"url\":\"https:\\\/\\\/pdpexpert.com\\\/\",\"logo\":{\"@type\":\"ImageObject\",\"inLanguage\":\"en-US\",\"@id\":\"https:\\\/\\\/pdpexpert.com\\\/#\\\/schema\\\/logo\\\/image\\\/\",\"url\":\"https:\\\/\\\/pdpexpert.com\\\/wp-content\\\/uploads\\\/2025\\\/07\\\/cropped-cropped-Logo-letras-azules-fondo-transparente.png\",\"contentUrl\":\"https:\\\/\\\/pdpexpert.com\\\/wp-content\\\/uploads\\\/2025\\\/07\\\/cropped-cropped-Logo-letras-azules-fondo-transparente.png\",\"width\":2000,\"height\":486,\"caption\":\"PDP EXPERT\"},\"image\":{\"@id\":\"https:\\\/\\\/pdpexpert.com\\\/#\\\/schema\\\/logo\\\/image\\\/\"}},{\"@type\":\"Person\",\"@id\":\"https:\\\/\\\/pdpexpert.com\\\/#\\\/schema\\\/person\\\/eb27f5f319c39fc93067d30adc974703\",\"name\":\"Fernando Balarezo\",\"image\":{\"@type\":\"ImageObject\",\"inLanguage\":\"en-US\",\"@id\":\"https:\\\/\\\/secure.gravatar.com\\\/avatar\\\/f4d703b6a261194a246218158fd42fb60fe4330be47708205f6cac077e9cfc0d?s=96&d=mm&r=g\",\"url\":\"https:\\\/\\\/secure.gravatar.com\\\/avatar\\\/f4d703b6a261194a246218158fd42fb60fe4330be47708205f6cac077e9cfc0d?s=96&d=mm&r=g\",\"contentUrl\":\"https:\\\/\\\/secure.gravatar.com\\\/avatar\\\/f4d703b6a261194a246218158fd42fb60fe4330be47708205f6cac077e9cfc0d?s=96&d=mm&r=g\",\"caption\":\"Fernando Balarezo\"},\"sameAs\":[\"https:\\\/\\\/pdpexpert.com\"],\"url\":\"https:\\\/\\\/pdpexpert.com\\\/en\\\/author\\\/pdpexpertecgmail-com\\\/\"}]}<\/script>\n<!-- \/ Yoast SEO plugin. -->","yoast_head_json":{"title":"Le renouveau du jazz contemporain fran\u00e7ais : analyse et perspectives - PDP Expert","robots":{"index":"index","follow":"follow","max-snippet":"max-snippet:-1","max-image-preview":"max-image-preview:large","max-video-preview":"max-video-preview:-1"},"canonical":"https:\/\/pdpexpert.com\/en\/le-renouveau-du-jazz-contemporain-francais-analyse-et-perspectives\/","og_locale":"en_US","og_type":"article","og_title":"Le renouveau du jazz contemporain fran\u00e7ais : analyse et perspectives - PDP Expert","og_description":"Le jazz, en tant que jazz, n\u2019est pas simplement une tradition ancr\u00e9e dans le pass\u00e9. En France, cette musique a toujours \u00e9t\u00e9 un vecteur d\u2019innovation, de fusion, et d\u2019expression artistique. Aujourd\u2019hui, le paysage du jazz fran\u00e7ais conna\u00eet une phase dynamique, port\u00e9e par de jeunes talents et des collaborations innovantes, souvent soutenues par des plateformes num\u00e9riques [&hellip;]","og_url":"https:\/\/pdpexpert.com\/en\/le-renouveau-du-jazz-contemporain-francais-analyse-et-perspectives\/","og_site_name":"PDP Expert","article_published_time":"2025-08-25T17:17:21+00:00","article_modified_time":"2026-08-25T15:17:22+00:00","author":"Fernando Balarezo","twitter_card":"summary_large_image","twitter_misc":{"Written by":"Fernando Balarezo","Est. reading time":"4 minutes"},"schema":{"@context":"https:\/\/schema.org","@graph":[{"@type":"Article","@id":"https:\/\/pdpexpert.com\/le-renouveau-du-jazz-contemporain-francais-analyse-et-perspectives\/#article","isPartOf":{"@id":"https:\/\/pdpexpert.com\/le-renouveau-du-jazz-contemporain-francais-analyse-et-perspectives\/"},"author":{"name":"Fernando Balarezo","@id":"https:\/\/pdpexpert.com\/#\/schema\/person\/eb27f5f319c39fc93067d30adc974703"},"headline":"Le renouveau du jazz contemporain fran\u00e7ais : analyse et perspectives","datePublished":"2025-08-25T17:17:21+00:00","dateModified":"2026-08-25T15:17:22+00:00","mainEntityOfPage":{"@id":"https:\/\/pdpexpert.com\/le-renouveau-du-jazz-contemporain-francais-analyse-et-perspectives\/"},"wordCount":868,"commentCount":0,"publisher":{"@id":"https:\/\/pdpexpert.com\/#organization"},"inLanguage":"en-US","potentialAction":[{"@type":"CommentAction","name":"Comment","target":["https:\/\/pdpexpert.com\/le-renouveau-du-jazz-contemporain-francais-analyse-et-perspectives\/#respond"]}]},{"@type":"WebPage","@id":"https:\/\/pdpexpert.com\/le-renouveau-du-jazz-contemporain-francais-analyse-et-perspectives\/","url":"https:\/\/pdpexpert.com\/le-renouveau-du-jazz-contemporain-francais-analyse-et-perspectives\/","name":"Le renouveau du jazz contemporain fran\u00e7ais : analyse et perspectives - PDP Expert","isPartOf":{"@id":"https:\/\/pdpexpert.com\/#website"},"datePublished":"2025-08-25T17:17:21+00:00","dateModified":"2026-08-25T15:17:22+00:00","breadcrumb":{"@id":"https:\/\/pdpexpert.com\/le-renouveau-du-jazz-contemporain-francais-analyse-et-perspectives\/#breadcrumb"},"inLanguage":"en-US","potentialAction":[{"@type":"ReadAction","target":["https:\/\/pdpexpert.com\/le-renouveau-du-jazz-contemporain-francais-analyse-et-perspectives\/"]}]},{"@type":"BreadcrumbList","@id":"https:\/\/pdpexpert.com\/le-renouveau-du-jazz-contemporain-francais-analyse-et-perspectives\/#breadcrumb","itemListElement":[{"@type":"ListItem","position":1,"name":"Portada","item":"https:\/\/pdpexpert.com\/"},{"@type":"ListItem","position":2,"name":"Le renouveau du jazz contemporain fran\u00e7ais : analyse et perspectives"}]},{"@type":"WebSite","@id":"https:\/\/pdpexpert.com\/#website","url":"https:\/\/pdpexpert.com\/","name":"PDP EXPERT","description":"","publisher":{"@id":"https:\/\/pdpexpert.com\/#organization"},"potentialAction":[{"@type":"SearchAction","target":{"@type":"EntryPoint","urlTemplate":"https:\/\/pdpexpert.com\/?s={search_term_string}"},"query-input":{"@type":"PropertyValueSpecification","valueRequired":true,"valueName":"search_term_string"}}],"inLanguage":"en-US"},{"@type":"Organization","@id":"https:\/\/pdpexpert.com\/#organization","name":"PDP EXPERT","url":"https:\/\/pdpexpert.com\/","logo":{"@type":"ImageObject","inLanguage":"en-US","@id":"https:\/\/pdpexpert.com\/#\/schema\/logo\/image\/","url":"https:\/\/pdpexpert.com\/wp-content\/uploads\/2025\/07\/cropped-cropped-Logo-letras-azules-fondo-transparente.png","contentUrl":"https:\/\/pdpexpert.com\/wp-content\/uploads\/2025\/07\/cropped-cropped-Logo-letras-azules-fondo-transparente.png","width":2000,"height":486,"caption":"PDP EXPERT"},"image":{"@id":"https:\/\/pdpexpert.com\/#\/schema\/logo\/image\/"}},{"@type":"Person","@id":"https:\/\/pdpexpert.com\/#\/schema\/person\/eb27f5f319c39fc93067d30adc974703","name":"Fernando Balarezo","image":{"@type":"ImageObject","inLanguage":"en-US","@id":"https:\/\/secure.gravatar.com\/avatar\/f4d703b6a261194a246218158fd42fb60fe4330be47708205f6cac077e9cfc0d?s=96&d=mm&r=g","url":"https:\/\/secure.gravatar.com\/avatar\/f4d703b6a261194a246218158fd42fb60fe4330be47708205f6cac077e9cfc0d?s=96&d=mm&r=g","contentUrl":"https:\/\/secure.gravatar.com\/avatar\/f4d703b6a261194a246218158fd42fb60fe4330be47708205f6cac077e9cfc0d?s=96&d=mm&r=g","caption":"Fernando Balarezo"},"sameAs":["https:\/\/pdpexpert.com"],"url":"https:\/\/pdpexpert.com\/en\/author\/pdpexpertecgmail-com\/"}]}},"_links":{"self":[{"href":"https:\/\/pdpexpert.com\/en\/wp-json\/wp\/v2\/posts\/10136","targetHints":{"allow":["GET"]}}],"collection":[{"href":"https:\/\/pdpexpert.com\/en\/wp-json\/wp\/v2\/posts"}],"about":[{"href":"https:\/\/pdpexpert.com\/en\/wp-json\/wp\/v2\/types\/post"}],"author":[{"embeddable":true,"href":"https:\/\/pdpexpert.com\/en\/wp-json\/wp\/v2\/users\/1"}],"replies":[{"embeddable":true,"href":"https:\/\/pdpexpert.com\/en\/wp-json\/wp\/v2\/comments?post=10136"}],"version-history":[{"count":1,"href":"https:\/\/pdpexpert.com\/en\/wp-json\/wp\/v2\/posts\/10136\/revisions"}],"predecessor-version":[{"id":10137,"href":"https:\/\/pdpexpert.com\/en\/wp-json\/wp\/v2\/posts\/10136\/revisions\/10137"}],"wp:attachment":[{"href":"https:\/\/pdpexpert.com\/en\/wp-json\/wp\/v2\/media?parent=10136"}],"wp:term":[{"taxonomy":"category","embeddable":true,"href":"https:\/\/pdpexpert.com\/en\/wp-json\/wp\/v2\/categories?post=10136"},{"taxonomy":"post_tag","embeddable":true,"href":"https:\/\/pdpexpert.com\/en\/wp-json\/wp\/v2\/tags?post=10136"}],"curies":[{"name":"wp","href":"https:\/\/api.w.org\/{rel}","templated":true}]}}