{"id":5898,"date":"2025-08-21T13:03:00","date_gmt":"2025-08-21T13:03:00","guid":{"rendered":"https:\/\/pdpexpert.com\/?p=5898"},"modified":"2026-08-21T11:03:01","modified_gmt":"2026-08-21T11:03:01","slug":"framtiden-for-malstyrning-i-den-digitala-eran","status":"publish","type":"post","link":"https:\/\/pdpexpert.com\/en\/framtiden-for-malstyrning-i-den-digitala-eran\/","title":{"rendered":"Framtiden f\u00f6r m\u00e5lstyrning i den digitala eran"},"content":{"rendered":"<p>Att s\u00e4tta, f\u00f6lja upp och n\u00e5 aff\u00e4rs- och personliga m\u00e5l har alltid varit k\u00e4rnan i effektiv sj\u00e4lvutveckling och organisatorisk framg\u00e5ng. Men i takt med att digitala verktyg blir alltmer komplexa och anpassningsbara, f\u00f6r\u00e4ndras ocks\u00e5 s\u00e4ttet vi strategiskt n\u00e4rmar oss m\u00e5lhantering. Under de senaste \u00e5ren har framv\u00e4xten av smarta digitala plattformar f\u00e5tt sin plats i centrum f\u00f6r m\u00e5lstyrning \u2014 inte bara som ett administrativt verktyg utan som en strategisk partner f\u00f6r h\u00e5llbar framg\u00e5ng.<\/p>\n<h2>Digital transformation och m\u00e5lstyrning: En n\u00f6dv\u00e4ndig utveckling<\/h2>\n<p>Traditionella metoder f\u00f6r m\u00e5lhantering \u2014 ofta bel\u00e4gna i excel-ark eller manuella anteckningar \u2014 kan nu ers\u00e4ttas av mer dynamiska, insiktsdrivna l\u00f6sningar. Enligt en studie av <em>McKinsey &amp; Company<\/em> har f\u00f6retag som implementerar digitala m\u00e5lverktyg rapporterat en 25\u201330 % \u00f6kning i m\u00e5luppfyllelse j\u00e4mf\u00f6rt med traditionella metoder. Detta understryker vikten av att integrera moderna digitala l\u00f6sningar f\u00f6r att bibeh\u00e5lla konkurrenskraften i en snabbt f\u00f6r\u00e4nderlig v\u00e4rld.<\/p>\n<h2>De centrala egenskaperna hos moderna m\u00e5lplattformar<\/h2>\n<p>\u00c4kta digitala m\u00e5lverktyg erbjuder inte bara funktioner f\u00f6r att registrera m\u00e5l och ta fram statistik. De m\u00f6jligg\u00f6r:<\/p>\n<ul>\n<li><strong>Real-tids normativa insikter:<\/strong> Analyser och dashboards som reflekterar aktuella framsteg.<\/li>\n<li><strong>Personligt anpassade rekommendationer:<\/strong> Verktyg som v\u00e4gleder anv\u00e4ndare mot optimal prestation.<\/li>\n<li><strong>Integrering med dagliga arbetsfl\u00f6den:<\/strong> Smarta kopplingar till andra produkter och tj\u00e4nster f\u00f6r \u00f6kad produktivitet.<\/li>\n<\/ul>\n<h2>H\u00e5llbarhet i m\u00e5lstyrning: Att skapa l\u00e5ngsiktig v\u00e4rde<\/h2>\n<p>Forskning visar att organisationer som anv\u00e4nder digitala m\u00e5lplattformar ofta har h\u00f6gre f\u00f6rm\u00e5ga att anpassa sig till marknadens snabba f\u00f6r\u00e4ndringar samt att bevara sitt fokus p\u00e5 h\u00e5llbar utveckling. Genom att visualisera framsteg i realtid och kreativt engagera team kan m\u00e5l bli mer \u00f6versk\u00e5dliga och motiverande.<\/p>\n<h2>Innovativa exempel och trender i m\u00e5lhantering<\/h2>\n<table>\n<thead>\n<tr>\n<th>Trend<\/th>\n<th>Beskrivning<\/th>\n<th>Exempel<\/th>\n<\/tr>\n<\/thead>\n<tbody>\n<tr>\n<td>AI-drivna m\u00e5lanalys<\/td>\n<td>Dataanalys och prediktiv modellering f\u00f6r att f\u00f6ruts\u00e4ga potentialen f\u00f6r m\u00e5luppr\u00e4ttelse.<\/td>\n<td>Implementering i plattformar som Embera Goals, d\u00e4r AI rekommenderar optimala strategier.<\/td>\n<\/tr>\n<tr>\n<td>Gamification<\/td>\n<td>Aktiv anv\u00e4ndarengagemang genom bel\u00f6ningssystem och utmaningar.<\/td>\n<td>Gamifierade m\u00e5lplattformar \u00f6kar motivationen och retentionen.<\/td>\n<\/tr>\n<tr>\n<td>Holistisk integrering<\/td>\n<td>Sammanl\u00e4nkning av m\u00e5l, prestationer och feedback i en enda anv\u00e4ndarupplevelse.<\/td>\n<td>Att samk\u00f6ra h\u00e4lsa, v\u00e4lm\u00e5ende och karri\u00e4rm\u00e5l f\u00f6r att skapa helhetssyn.<\/td>\n<\/tr>\n<\/tbody>\n<\/table>\n<h2>Embera Goals: En insiktsfull partner f\u00f6r m\u00e5lhantering<\/h2>\n<p>I den snabbt utvecklande v\u00e4rlden av digitala verktyg f\u00f6r m\u00e5lstyrning st\u00e5r <a href=\"https:\/\/embera-goals.app\/sv\/\"><strong>uppt\u00e4ck Embera Goals-appen<\/strong><\/a> som en modern och intuitiv plattform som kombinerar datadrivna insikter med anv\u00e4ndarv\u00e4nlighet. Tack vare dess omfattande funktioner och anpassningsm\u00f6jligheter utg\u00f6r Embera Goals en p\u00e5litlig partner f\u00f6r b\u00e5de individer och organisationer som vill ligga i framkant n\u00e4r det g\u00e4ller att s\u00e4tta, f\u00f6lja upp och realisera viktiga m\u00e5l.<\/p>\n<p>Det som g\u00f6r Embera Goals unikt \u00e4r dess f\u00f6rm\u00e5ga att integrera avancerad analys och anv\u00e4ndarfokuserade designprinciper, vilket skapar en holistisk plattform som inte bara sp\u00e5rar m\u00e5l utan ocks\u00e5 inspirerar till kontinuerlig f\u00f6rb\u00e4ttring och h\u00e5llbar utveckling.<\/p>\n<h2>Sammanfattning: Digital m\u00e5lhantering som en strategisk pelare<\/h2>\n<p>I en v\u00e4rld d\u00e4r snabba f\u00f6r\u00e4ndringar \u00e4r normen, \u00e4r digitala verktyg f\u00f6r m\u00e5lstyrning inte l\u00e4ngre en lyx utan en n\u00f6dv\u00e4ndighet. Genom att anv\u00e4nda platformar som Embera Goals kan organisationer och individer skapa en tydligare riktning, m\u00e4ta framsteg i realtid och anpassa sig flexibelt efter f\u00f6r\u00e4ndrade f\u00f6ruts\u00e4ttningar. Att investera i dessa digitala l\u00f6sningar \u00e4r inte bara ett strategiskt steg f\u00f6r att f\u00f6rb\u00e4ttra produktiviteten \u2014 det \u00e4r ett avg\u00f6rande steg mot att bygga ett h\u00e5llbart och framg\u00e5ngsrikt framtidsscenario.<\/p>","protected":false},"excerpt":{"rendered":"<p>Att s\u00e4tta, f\u00f6lja upp och n\u00e5 aff\u00e4rs- och personliga m\u00e5l har alltid varit k\u00e4rnan i effektiv sj\u00e4lvutveckling och organisatorisk framg\u00e5ng. Men i takt med att digitala verktyg blir alltmer komplexa och anpassningsbara, f\u00f6r\u00e4ndras ocks\u00e5 s\u00e4ttet vi strategiskt n\u00e4rmar oss m\u00e5lhantering. Under de senaste \u00e5ren har framv\u00e4xten av smarta digitala plattformar f\u00e5tt sin plats i centrum [&hellip;]<\/p>\n","protected":false},"author":1,"featured_media":0,"comment_status":"open","ping_status":"open","sticky":false,"template":"","format":"standard","meta":{"footnotes":""},"categories":[1],"tags":[],"class_list":["post-5898","post","type-post","status-publish","format-standard","hentry","category-uncategorized"],"yoast_head":"<!-- This site is optimized with the Yoast SEO plugin v28.3 - https:\/\/yoast.com\/product\/yoast-seo-wordpress\/ -->\n<title>Framtiden f\u00f6r m\u00e5lstyrning i den digitala eran - PDP Expert<\/title>\n<meta name=\"robots\" content=\"index, follow, max-snippet:-1, max-image-preview:large, max-video-preview:-1\" \/>\n<link rel=\"canonical\" href=\"https:\/\/pdpexpert.com\/en\/framtiden-for-malstyrning-i-den-digitala-eran\/\" \/>\n<meta property=\"og:locale\" content=\"en_US\" \/>\n<meta property=\"og:type\" content=\"article\" \/>\n<meta property=\"og:title\" content=\"Framtiden f\u00f6r m\u00e5lstyrning i den digitala eran - PDP Expert\" \/>\n<meta property=\"og:description\" content=\"Att s\u00e4tta, f\u00f6lja upp och n\u00e5 aff\u00e4rs- och personliga m\u00e5l har alltid varit k\u00e4rnan i effektiv sj\u00e4lvutveckling och organisatorisk framg\u00e5ng. Men i takt med att digitala verktyg blir alltmer komplexa och anpassningsbara, f\u00f6r\u00e4ndras ocks\u00e5 s\u00e4ttet vi strategiskt n\u00e4rmar oss m\u00e5lhantering. Under de senaste \u00e5ren har framv\u00e4xten av smarta digitala plattformar f\u00e5tt sin plats i centrum [&hellip;]\" \/>\n<meta property=\"og:url\" content=\"https:\/\/pdpexpert.com\/en\/framtiden-for-malstyrning-i-den-digitala-eran\/\" \/>\n<meta property=\"og:site_name\" content=\"PDP Expert\" \/>\n<meta property=\"article:published_time\" content=\"2025-08-21T13:03:00+00:00\" \/>\n<meta property=\"article:modified_time\" content=\"2026-08-21T11:03:01+00:00\" \/>\n<meta name=\"author\" content=\"Fernando Balarezo\" \/>\n<meta name=\"twitter:card\" content=\"summary_large_image\" \/>\n<meta name=\"twitter:label1\" content=\"Written by\" \/>\n\t<meta name=\"twitter:data1\" content=\"Fernando Balarezo\" \/>\n\t<meta name=\"twitter:label2\" content=\"Est. reading time\" \/>\n\t<meta name=\"twitter:data2\" content=\"3 minutes\" \/>\n<script type=\"application\/ld+json\" class=\"yoast-schema-graph\">{\"@context\":\"https:\\\/\\\/schema.org\",\"@graph\":[{\"@type\":\"Article\",\"@id\":\"https:\\\/\\\/pdpexpert.com\\\/framtiden-for-malstyrning-i-den-digitala-eran\\\/#article\",\"isPartOf\":{\"@id\":\"https:\\\/\\\/pdpexpert.com\\\/framtiden-for-malstyrning-i-den-digitala-eran\\\/\"},\"author\":{\"name\":\"Fernando Balarezo\",\"@id\":\"https:\\\/\\\/pdpexpert.com\\\/#\\\/schema\\\/person\\\/eb27f5f319c39fc93067d30adc974703\"},\"headline\":\"Framtiden f\u00f6r m\u00e5lstyrning i den digitala eran\",\"datePublished\":\"2025-08-21T13:03:00+00:00\",\"dateModified\":\"2026-08-21T11:03:01+00:00\",\"mainEntityOfPage\":{\"@id\":\"https:\\\/\\\/pdpexpert.com\\\/framtiden-for-malstyrning-i-den-digitala-eran\\\/\"},\"wordCount\":641,\"commentCount\":0,\"publisher\":{\"@id\":\"https:\\\/\\\/pdpexpert.com\\\/#organization\"},\"inLanguage\":\"en-US\",\"potentialAction\":[{\"@type\":\"CommentAction\",\"name\":\"Comment\",\"target\":[\"https:\\\/\\\/pdpexpert.com\\\/framtiden-for-malstyrning-i-den-digitala-eran\\\/#respond\"]}]},{\"@type\":\"WebPage\",\"@id\":\"https:\\\/\\\/pdpexpert.com\\\/framtiden-for-malstyrning-i-den-digitala-eran\\\/\",\"url\":\"https:\\\/\\\/pdpexpert.com\\\/framtiden-for-malstyrning-i-den-digitala-eran\\\/\",\"name\":\"Framtiden f\u00f6r m\u00e5lstyrning i den digitala eran - PDP Expert\",\"isPartOf\":{\"@id\":\"https:\\\/\\\/pdpexpert.com\\\/#website\"},\"datePublished\":\"2025-08-21T13:03:00+00:00\",\"dateModified\":\"2026-08-21T11:03:01+00:00\",\"breadcrumb\":{\"@id\":\"https:\\\/\\\/pdpexpert.com\\\/framtiden-for-malstyrning-i-den-digitala-eran\\\/#breadcrumb\"},\"inLanguage\":\"en-US\",\"potentialAction\":[{\"@type\":\"ReadAction\",\"target\":[\"https:\\\/\\\/pdpexpert.com\\\/framtiden-for-malstyrning-i-den-digitala-eran\\\/\"]}]},{\"@type\":\"BreadcrumbList\",\"@id\":\"https:\\\/\\\/pdpexpert.com\\\/framtiden-for-malstyrning-i-den-digitala-eran\\\/#breadcrumb\",\"itemListElement\":[{\"@type\":\"ListItem\",\"position\":1,\"name\":\"Portada\",\"item\":\"https:\\\/\\\/pdpexpert.com\\\/\"},{\"@type\":\"ListItem\",\"position\":2,\"name\":\"Framtiden f\u00f6r m\u00e5lstyrning i den digitala eran\"}]},{\"@type\":\"WebSite\",\"@id\":\"https:\\\/\\\/pdpexpert.com\\\/#website\",\"url\":\"https:\\\/\\\/pdpexpert.com\\\/\",\"name\":\"PDP EXPERT\",\"description\":\"\",\"publisher\":{\"@id\":\"https:\\\/\\\/pdpexpert.com\\\/#organization\"},\"potentialAction\":[{\"@type\":\"SearchAction\",\"target\":{\"@type\":\"EntryPoint\",\"urlTemplate\":\"https:\\\/\\\/pdpexpert.com\\\/?s={search_term_string}\"},\"query-input\":{\"@type\":\"PropertyValueSpecification\",\"valueRequired\":true,\"valueName\":\"search_term_string\"}}],\"inLanguage\":\"en-US\"},{\"@type\":\"Organization\",\"@id\":\"https:\\\/\\\/pdpexpert.com\\\/#organization\",\"name\":\"PDP EXPERT\",\"url\":\"https:\\\/\\\/pdpexpert.com\\\/\",\"logo\":{\"@type\":\"ImageObject\",\"inLanguage\":\"en-US\",\"@id\":\"https:\\\/\\\/pdpexpert.com\\\/#\\\/schema\\\/logo\\\/image\\\/\",\"url\":\"https:\\\/\\\/pdpexpert.com\\\/wp-content\\\/uploads\\\/2025\\\/07\\\/cropped-cropped-Logo-letras-azules-fondo-transparente.png\",\"contentUrl\":\"https:\\\/\\\/pdpexpert.com\\\/wp-content\\\/uploads\\\/2025\\\/07\\\/cropped-cropped-Logo-letras-azules-fondo-transparente.png\",\"width\":2000,\"height\":486,\"caption\":\"PDP EXPERT\"},\"image\":{\"@id\":\"https:\\\/\\\/pdpexpert.com\\\/#\\\/schema\\\/logo\\\/image\\\/\"}},{\"@type\":\"Person\",\"@id\":\"https:\\\/\\\/pdpexpert.com\\\/#\\\/schema\\\/person\\\/eb27f5f319c39fc93067d30adc974703\",\"name\":\"Fernando Balarezo\",\"image\":{\"@type\":\"ImageObject\",\"inLanguage\":\"en-US\",\"@id\":\"https:\\\/\\\/secure.gravatar.com\\\/avatar\\\/f4d703b6a261194a246218158fd42fb60fe4330be47708205f6cac077e9cfc0d?s=96&d=mm&r=g\",\"url\":\"https:\\\/\\\/secure.gravatar.com\\\/avatar\\\/f4d703b6a261194a246218158fd42fb60fe4330be47708205f6cac077e9cfc0d?s=96&d=mm&r=g\",\"contentUrl\":\"https:\\\/\\\/secure.gravatar.com\\\/avatar\\\/f4d703b6a261194a246218158fd42fb60fe4330be47708205f6cac077e9cfc0d?s=96&d=mm&r=g\",\"caption\":\"Fernando Balarezo\"},\"sameAs\":[\"https:\\\/\\\/pdpexpert.com\"],\"url\":\"https:\\\/\\\/pdpexpert.com\\\/en\\\/author\\\/pdpexpertecgmail-com\\\/\"}]}<\/script>\n<!-- \/ Yoast SEO plugin. -->","yoast_head_json":{"title":"Framtiden f\u00f6r m\u00e5lstyrning i den digitala eran - PDP Expert","robots":{"index":"index","follow":"follow","max-snippet":"max-snippet:-1","max-image-preview":"max-image-preview:large","max-video-preview":"max-video-preview:-1"},"canonical":"https:\/\/pdpexpert.com\/en\/framtiden-for-malstyrning-i-den-digitala-eran\/","og_locale":"en_US","og_type":"article","og_title":"Framtiden f\u00f6r m\u00e5lstyrning i den digitala eran - PDP Expert","og_description":"Att s\u00e4tta, f\u00f6lja upp och n\u00e5 aff\u00e4rs- och personliga m\u00e5l har alltid varit k\u00e4rnan i effektiv sj\u00e4lvutveckling och organisatorisk framg\u00e5ng. Men i takt med att digitala verktyg blir alltmer komplexa och anpassningsbara, f\u00f6r\u00e4ndras ocks\u00e5 s\u00e4ttet vi strategiskt n\u00e4rmar oss m\u00e5lhantering. Under de senaste \u00e5ren har framv\u00e4xten av smarta digitala plattformar f\u00e5tt sin plats i centrum [&hellip;]","og_url":"https:\/\/pdpexpert.com\/en\/framtiden-for-malstyrning-i-den-digitala-eran\/","og_site_name":"PDP Expert","article_published_time":"2025-08-21T13:03:00+00:00","article_modified_time":"2026-08-21T11:03:01+00:00","author":"Fernando Balarezo","twitter_card":"summary_large_image","twitter_misc":{"Written by":"Fernando Balarezo","Est. reading time":"3 minutes"},"schema":{"@context":"https:\/\/schema.org","@graph":[{"@type":"Article","@id":"https:\/\/pdpexpert.com\/framtiden-for-malstyrning-i-den-digitala-eran\/#article","isPartOf":{"@id":"https:\/\/pdpexpert.com\/framtiden-for-malstyrning-i-den-digitala-eran\/"},"author":{"name":"Fernando Balarezo","@id":"https:\/\/pdpexpert.com\/#\/schema\/person\/eb27f5f319c39fc93067d30adc974703"},"headline":"Framtiden f\u00f6r m\u00e5lstyrning i den digitala eran","datePublished":"2025-08-21T13:03:00+00:00","dateModified":"2026-08-21T11:03:01+00:00","mainEntityOfPage":{"@id":"https:\/\/pdpexpert.com\/framtiden-for-malstyrning-i-den-digitala-eran\/"},"wordCount":641,"commentCount":0,"publisher":{"@id":"https:\/\/pdpexpert.com\/#organization"},"inLanguage":"en-US","potentialAction":[{"@type":"CommentAction","name":"Comment","target":["https:\/\/pdpexpert.com\/framtiden-for-malstyrning-i-den-digitala-eran\/#respond"]}]},{"@type":"WebPage","@id":"https:\/\/pdpexpert.com\/framtiden-for-malstyrning-i-den-digitala-eran\/","url":"https:\/\/pdpexpert.com\/framtiden-for-malstyrning-i-den-digitala-eran\/","name":"Framtiden f\u00f6r m\u00e5lstyrning i den digitala eran - PDP Expert","isPartOf":{"@id":"https:\/\/pdpexpert.com\/#website"},"datePublished":"2025-08-21T13:03:00+00:00","dateModified":"2026-08-21T11:03:01+00:00","breadcrumb":{"@id":"https:\/\/pdpexpert.com\/framtiden-for-malstyrning-i-den-digitala-eran\/#breadcrumb"},"inLanguage":"en-US","potentialAction":[{"@type":"ReadAction","target":["https:\/\/pdpexpert.com\/framtiden-for-malstyrning-i-den-digitala-eran\/"]}]},{"@type":"BreadcrumbList","@id":"https:\/\/pdpexpert.com\/framtiden-for-malstyrning-i-den-digitala-eran\/#breadcrumb","itemListElement":[{"@type":"ListItem","position":1,"name":"Portada","item":"https:\/\/pdpexpert.com\/"},{"@type":"ListItem","position":2,"name":"Framtiden f\u00f6r m\u00e5lstyrning i den digitala eran"}]},{"@type":"WebSite","@id":"https:\/\/pdpexpert.com\/#website","url":"https:\/\/pdpexpert.com\/","name":"PDP EXPERT","description":"","publisher":{"@id":"https:\/\/pdpexpert.com\/#organization"},"potentialAction":[{"@type":"SearchAction","target":{"@type":"EntryPoint","urlTemplate":"https:\/\/pdpexpert.com\/?s={search_term_string}"},"query-input":{"@type":"PropertyValueSpecification","valueRequired":true,"valueName":"search_term_string"}}],"inLanguage":"en-US"},{"@type":"Organization","@id":"https:\/\/pdpexpert.com\/#organization","name":"PDP EXPERT","url":"https:\/\/pdpexpert.com\/","logo":{"@type":"ImageObject","inLanguage":"en-US","@id":"https:\/\/pdpexpert.com\/#\/schema\/logo\/image\/","url":"https:\/\/pdpexpert.com\/wp-content\/uploads\/2025\/07\/cropped-cropped-Logo-letras-azules-fondo-transparente.png","contentUrl":"https:\/\/pdpexpert.com\/wp-content\/uploads\/2025\/07\/cropped-cropped-Logo-letras-azules-fondo-transparente.png","width":2000,"height":486,"caption":"PDP EXPERT"},"image":{"@id":"https:\/\/pdpexpert.com\/#\/schema\/logo\/image\/"}},{"@type":"Person","@id":"https:\/\/pdpexpert.com\/#\/schema\/person\/eb27f5f319c39fc93067d30adc974703","name":"Fernando Balarezo","image":{"@type":"ImageObject","inLanguage":"en-US","@id":"https:\/\/secure.gravatar.com\/avatar\/f4d703b6a261194a246218158fd42fb60fe4330be47708205f6cac077e9cfc0d?s=96&d=mm&r=g","url":"https:\/\/secure.gravatar.com\/avatar\/f4d703b6a261194a246218158fd42fb60fe4330be47708205f6cac077e9cfc0d?s=96&d=mm&r=g","contentUrl":"https:\/\/secure.gravatar.com\/avatar\/f4d703b6a261194a246218158fd42fb60fe4330be47708205f6cac077e9cfc0d?s=96&d=mm&r=g","caption":"Fernando Balarezo"},"sameAs":["https:\/\/pdpexpert.com"],"url":"https:\/\/pdpexpert.com\/en\/author\/pdpexpertecgmail-com\/"}]}},"_links":{"self":[{"href":"https:\/\/pdpexpert.com\/en\/wp-json\/wp\/v2\/posts\/5898","targetHints":{"allow":["GET"]}}],"collection":[{"href":"https:\/\/pdpexpert.com\/en\/wp-json\/wp\/v2\/posts"}],"about":[{"href":"https:\/\/pdpexpert.com\/en\/wp-json\/wp\/v2\/types\/post"}],"author":[{"embeddable":true,"href":"https:\/\/pdpexpert.com\/en\/wp-json\/wp\/v2\/users\/1"}],"replies":[{"embeddable":true,"href":"https:\/\/pdpexpert.com\/en\/wp-json\/wp\/v2\/comments?post=5898"}],"version-history":[{"count":1,"href":"https:\/\/pdpexpert.com\/en\/wp-json\/wp\/v2\/posts\/5898\/revisions"}],"predecessor-version":[{"id":5899,"href":"https:\/\/pdpexpert.com\/en\/wp-json\/wp\/v2\/posts\/5898\/revisions\/5899"}],"wp:attachment":[{"href":"https:\/\/pdpexpert.com\/en\/wp-json\/wp\/v2\/media?parent=5898"}],"wp:term":[{"taxonomy":"category","embeddable":true,"href":"https:\/\/pdpexpert.com\/en\/wp-json\/wp\/v2\/categories?post=5898"},{"taxonomy":"post_tag","embeddable":true,"href":"https:\/\/pdpexpert.com\/en\/wp-json\/wp\/v2\/tags?post=5898"}],"curies":[{"name":"wp","href":"https:\/\/api.w.org\/{rel}","templated":true}]}}