{"id":6028,"date":"2025-08-21T13:27:22","date_gmt":"2025-08-21T13:27:22","guid":{"rendered":"https:\/\/pdpexpert.com\/?p=6028"},"modified":"2026-08-21T11:27:24","modified_gmt":"2026-08-21T11:27:24","slug":"la-mobilite-intelligente-et-la-transformation-de-l-usage-mobile-dans-le-secteur-des-transports","status":"publish","type":"post","link":"https:\/\/pdpexpert.com\/en\/la-mobilite-intelligente-et-la-transformation-de-l-usage-mobile-dans-le-secteur-des-transports\/","title":{"rendered":"La Mobilit\u00e9 Intelligente et la Transformation de l&#8217;Usage Mobile dans le Secteur des Transports"},"content":{"rendered":"<p>La r\u00e9volution num\u00e9rique a profond\u00e9ment boulevers\u00e9 la mani\u00e8re dont nous concevons la mobilit\u00e9 urbaine. Dans un contexte o\u00f9 la demande pour des solutions de transport plus rapides, \u00e9cologiques et personnalis\u00e9es ne cesse de cro\u00eetre, les entreprises et les gouvernements investissent massivement dans des innovations technologiques. Parmi ces innovations, les applications mobiles jouent un r\u00f4le central, permettant une gestion plus efficace, une exp\u00e9rience utilisateur am\u00e9lior\u00e9e et une int\u00e9gration fluide avec les infrastructures urbaines intelligentes.<\/p>\n<h2>Le r\u00f4le des applications mobiles dans la mobilit\u00e9 moderne<\/h2>\n<p>Selon une \u00e9tude r\u00e9cente de l&#8217;International Transport Forum (ITF), plus de 60 % des d\u00e9placements urbains sont d\u00e9sormais effectu\u00e9s en utilisant des applications mobiles, que ce soient pour la r\u00e9servation de v\u00e9hicules, la navigation, ou la gestion de flottes. Cette \u00e9volution a favoris\u00e9 l\u2019\u00e9mergence de nouveaux paradigmes, tels que le <em>mobility as a service<\/em> (MaaS), qui consiste en une int\u00e9gration de multiples modes de transport dans une plateforme unique accessible via smartphone.<\/p>\n<blockquote>\n<p>\u00abLes applications mobiles deviennent le point d&#8217;entr\u00e9e principal pour les utilisateurs qui recherchent flexibilit\u00e9, transparence et efficacit\u00e9 dans leurs d\u00e9placements.\u00bb<\/p>\n<\/blockquote>\n<h2>Int\u00e9gration de solutions partenaires : l\u2019exemple Mavra Move<\/h2>\n<p>Dans cette optique, la facilit\u00e9 d\u2019acc\u00e8s \u00e0 ces applications constitue une \u00e9tape strat\u00e9gique. La personnalisation de l\u2019exp\u00e9rience, notamment par l\u2019int\u00e9gration de raccourcis sur l&#8217;\u00e9cran d&#8217;accueil, permet d\u2019acc\u00e9l\u00e9rer l\u2019engagement utilisateur et de renforcer la fid\u00e9lit\u00e9. C\u2019est ici qu\u2019intervient la n\u00e9cessit\u00e9 pour les utilisateurs de conna\u00eetre comment ajouter rapidement l\u2019application \u00e0 leur \u00e9cran d\u2019accueil \u2014 une d\u00e9marche qui optimise leur exp\u00e9rience d\u00e8s la premier contact.<\/p>\n<div class=\"note\">\n<h3>Astuce pratique<\/h3>\n<p>Pour une utilisation optimale, pensez \u00e0 <a href=\"https:\/\/mavra-move.app\/fr\/\"><strong>ajoute Mavra Move \u00e0 l&#8217;\u00e9cran d&#8217;accueil<\/strong><\/a>. Cela vous permet d&#8217;acc\u00e9der instantan\u00e9ment \u00e0 votre plateforme pr\u00e9f\u00e9r\u00e9e pour r\u00e9server votre prochain d\u00e9placement ou suivre votre trajet en toute simplicit\u00e9.<\/p>\n<\/div>\n<h2>Les enjeux technologiques et ergonomiques du raccourci d&#8217;\u00e9cran<\/h2>\n<p>Le processus d\u2019ajout \u00e0 l\u2019\u00e9cran d\u2019accueil diff\u00e8re selon le syst\u00e8me d\u2019exploitation, mais vise tous \u00e0 offrir une exp\u00e9rience utilisateur harmonieuse. Sur iOS, par exemple, il s&#8217;agit d&#8217;utiliser le menu de partage pour \u00abAjouter \u00e0 l&#8217;\u00e9cran d&#8217;accueil\u00bb, ph\u00e9nom\u00e8ne qui peut sembler anodin mais constitue une \u00e9tape incontournable dans la fid\u00e9lisation digitale.<\/p>\n<table>\n<thead>\n<tr>\n<th>\u00c9tape<\/th>\n<th>Description<\/th>\n<th>Application concr\u00e8te<\/th>\n<\/tr>\n<\/thead>\n<tbody>\n<tr>\n<td>1. Acc\u00e9der au site<\/td>\n<td>Ouvrir le site web sur le navigateur mobile<\/td>\n<td>https:\/\/mavra-move.app\/fr\/<\/td>\n<\/tr>\n<tr>\n<td>2. Ajouter \u00e0 l\u2019\u00e9cran d\u2019accueil<\/td>\n<td>Utiliser l&#8217;option \u00abAjouter \u00e0 l\u2019\u00e9cran d\u2019accueil\u00bb via le menu de partage<\/td>\n<td>Facilite l&#8217;acc\u00e8s et booste la r\u00e9currence d&#8217;utilisation<\/td>\n<\/tr>\n<tr>\n<td>3. Personnaliser le raccourci<\/td>\n<td>Renommer ou changer l\u2019ic\u00f4ne si n\u00e9cessaire<\/td>\n<td>Optimise la reconnaissance rapide par l&#8217;utilisateur<\/td>\n<\/tr>\n<\/tbody>\n<\/table>\n<h2>Perspectives futures : la mont\u00e9e de l\u2019accessibilit\u00e9 et de l\u2019intelligence artificielle<\/h2>\n<p>Plus qu\u2019un simple raccourci, cette d\u00e9marche r\u00e9pond \u00e0 une logique d\u2019accessibilit\u00e9 et d\u2019optimisation \u2013 omnipr\u00e9sente dans la strat\u00e9gie des smart cities. La combinaison avec des assistants vocaux, la g\u00e9olocalisation intelligente, et la personnalisation des flux de mobilit\u00e9 constituent la prochaine \u00e9tape dans la cr\u00e9ation d\u2019un \u00e9cosyst\u00e8me connect\u00e9, o\u00f9 chaque utilisateur b\u00e9n\u00e9ficie d\u2019une exp\u00e9rience fluide et intuitive.<\/p>\n<div class=\"note\">\n<h3>Encore plus de simplicit\u00e9<\/h3>\n<p>Int\u00e9grer votre plateforme pr\u00e9f\u00e9r\u00e9e \u00e0 l\u2019\u00e9cran d\u2019accueil n\u2019est qu\u2019un d\u00e9but. L\u2019utilisation de solutions comme ajoute Mavra Move \u00e0 l&#8217;\u00e9cran d&#8217;accueil peut transformer votre mani\u00e8re de planifier vos d\u00e9placements, en offrant un acc\u00e8s ultra-rapide \u00e0 une plateforme dont la conception est centr\u00e9e sur l\u2019exp\u00e9rience utilisateur.<\/p>\n<\/div>\n<h2>Conclusion : l\u2019importance de la ma\u00eetrise num\u00e9rique dans la mobilit\u00e9<\/h2>\n<p>La digitalisation du secteur des transports n\u2019est plus une option mais une n\u00e9cessit\u00e9 pour r\u00e9pondre aux attentes croissantes en mati\u00e8re de libert\u00e9, de rapidit\u00e9 et de durabilit\u00e9. La d\u00e9marche d\u2019ajout d\u2019applications \u00e0 l\u2019\u00e9cran d\u2019accueil \u2013 une \u00e9tape simple mais strat\u00e9gique \u2013 illustre la tendance vers une mobilit\u00e9 toujours plus int\u00e9gr\u00e9e, accessible et intelligente. En exploitant ces outils, professionnels et particuliers participent \u00e0 la construction d\u2019une infrastructure urbaine r\u00e9solument tourn\u00e9e vers l\u2019avenir.<\/p>\n<p><em>Pour maximiser votre exp\u00e9rience de mobilit\u00e9 num\u00e9rique, n\u2019h\u00e9sitez pas \u00e0 ajoute Mavra Move \u00e0 l&#8217;\u00e9cran d&#8217;accueil et profitez de toutes ses fonctionnalit\u00e9s d\u00e8s le premier clic.<\/em><\/p>","protected":false},"excerpt":{"rendered":"<p>La r\u00e9volution num\u00e9rique a profond\u00e9ment boulevers\u00e9 la mani\u00e8re dont nous concevons la mobilit\u00e9 urbaine. Dans un contexte o\u00f9 la demande pour des solutions de transport plus rapides, \u00e9cologiques et personnalis\u00e9es ne cesse de cro\u00eetre, les entreprises et les gouvernements investissent massivement dans des innovations technologiques. Parmi ces innovations, les applications mobiles jouent un r\u00f4le central, [&hellip;]<\/p>\n","protected":false},"author":1,"featured_media":0,"comment_status":"open","ping_status":"open","sticky":false,"template":"","format":"standard","meta":{"footnotes":""},"categories":[1],"tags":[],"class_list":["post-6028","post","type-post","status-publish","format-standard","hentry","category-uncategorized"],"yoast_head":"<!-- This site is optimized with the Yoast SEO plugin v28.3 - https:\/\/yoast.com\/product\/yoast-seo-wordpress\/ -->\n<title>La Mobilit\u00e9 Intelligente et la Transformation de l&#039;Usage Mobile dans le Secteur des Transports - PDP Expert<\/title>\n<meta name=\"robots\" content=\"index, follow, max-snippet:-1, max-image-preview:large, max-video-preview:-1\" \/>\n<link rel=\"canonical\" href=\"https:\/\/pdpexpert.com\/en\/la-mobilite-intelligente-et-la-transformation-de-l-usage-mobile-dans-le-secteur-des-transports\/\" \/>\n<meta property=\"og:locale\" content=\"en_US\" \/>\n<meta property=\"og:type\" content=\"article\" \/>\n<meta property=\"og:title\" content=\"La Mobilit\u00e9 Intelligente et la Transformation de l&#039;Usage Mobile dans le Secteur des Transports - PDP Expert\" \/>\n<meta property=\"og:description\" content=\"La r\u00e9volution num\u00e9rique a profond\u00e9ment boulevers\u00e9 la mani\u00e8re dont nous concevons la mobilit\u00e9 urbaine. Dans un contexte o\u00f9 la demande pour des solutions de transport plus rapides, \u00e9cologiques et personnalis\u00e9es ne cesse de cro\u00eetre, les entreprises et les gouvernements investissent massivement dans des innovations technologiques. Parmi ces innovations, les applications mobiles jouent un r\u00f4le central, [&hellip;]\" \/>\n<meta property=\"og:url\" content=\"https:\/\/pdpexpert.com\/en\/la-mobilite-intelligente-et-la-transformation-de-l-usage-mobile-dans-le-secteur-des-transports\/\" \/>\n<meta property=\"og:site_name\" content=\"PDP Expert\" \/>\n<meta property=\"article:published_time\" content=\"2025-08-21T13:27:22+00:00\" \/>\n<meta property=\"article:modified_time\" content=\"2026-08-21T11:27:24+00:00\" \/>\n<meta name=\"author\" content=\"Fernando Balarezo\" \/>\n<meta name=\"twitter:card\" content=\"summary_large_image\" \/>\n<meta name=\"twitter:label1\" content=\"Written by\" \/>\n\t<meta name=\"twitter:data1\" content=\"Fernando Balarezo\" \/>\n\t<meta name=\"twitter:label2\" content=\"Est. reading time\" \/>\n\t<meta name=\"twitter:data2\" content=\"4 minutes\" \/>\n<script type=\"application\/ld+json\" class=\"yoast-schema-graph\">{\"@context\":\"https:\\\/\\\/schema.org\",\"@graph\":[{\"@type\":\"Article\",\"@id\":\"https:\\\/\\\/pdpexpert.com\\\/la-mobilite-intelligente-et-la-transformation-de-l-usage-mobile-dans-le-secteur-des-transports\\\/#article\",\"isPartOf\":{\"@id\":\"https:\\\/\\\/pdpexpert.com\\\/la-mobilite-intelligente-et-la-transformation-de-l-usage-mobile-dans-le-secteur-des-transports\\\/\"},\"author\":{\"name\":\"Fernando Balarezo\",\"@id\":\"https:\\\/\\\/pdpexpert.com\\\/#\\\/schema\\\/person\\\/eb27f5f319c39fc93067d30adc974703\"},\"headline\":\"La Mobilit\u00e9 Intelligente et la Transformation de l&#8217;Usage Mobile dans le Secteur des Transports\",\"datePublished\":\"2025-08-21T13:27:22+00:00\",\"dateModified\":\"2026-08-21T11:27:24+00:00\",\"mainEntityOfPage\":{\"@id\":\"https:\\\/\\\/pdpexpert.com\\\/la-mobilite-intelligente-et-la-transformation-de-l-usage-mobile-dans-le-secteur-des-transports\\\/\"},\"wordCount\":756,\"commentCount\":0,\"publisher\":{\"@id\":\"https:\\\/\\\/pdpexpert.com\\\/#organization\"},\"inLanguage\":\"en-US\",\"potentialAction\":[{\"@type\":\"CommentAction\",\"name\":\"Comment\",\"target\":[\"https:\\\/\\\/pdpexpert.com\\\/la-mobilite-intelligente-et-la-transformation-de-l-usage-mobile-dans-le-secteur-des-transports\\\/#respond\"]}]},{\"@type\":\"WebPage\",\"@id\":\"https:\\\/\\\/pdpexpert.com\\\/la-mobilite-intelligente-et-la-transformation-de-l-usage-mobile-dans-le-secteur-des-transports\\\/\",\"url\":\"https:\\\/\\\/pdpexpert.com\\\/la-mobilite-intelligente-et-la-transformation-de-l-usage-mobile-dans-le-secteur-des-transports\\\/\",\"name\":\"La Mobilit\u00e9 Intelligente et la Transformation de l'Usage Mobile dans le Secteur des Transports - PDP Expert\",\"isPartOf\":{\"@id\":\"https:\\\/\\\/pdpexpert.com\\\/#website\"},\"datePublished\":\"2025-08-21T13:27:22+00:00\",\"dateModified\":\"2026-08-21T11:27:24+00:00\",\"breadcrumb\":{\"@id\":\"https:\\\/\\\/pdpexpert.com\\\/la-mobilite-intelligente-et-la-transformation-de-l-usage-mobile-dans-le-secteur-des-transports\\\/#breadcrumb\"},\"inLanguage\":\"en-US\",\"potentialAction\":[{\"@type\":\"ReadAction\",\"target\":[\"https:\\\/\\\/pdpexpert.com\\\/la-mobilite-intelligente-et-la-transformation-de-l-usage-mobile-dans-le-secteur-des-transports\\\/\"]}]},{\"@type\":\"BreadcrumbList\",\"@id\":\"https:\\\/\\\/pdpexpert.com\\\/la-mobilite-intelligente-et-la-transformation-de-l-usage-mobile-dans-le-secteur-des-transports\\\/#breadcrumb\",\"itemListElement\":[{\"@type\":\"ListItem\",\"position\":1,\"name\":\"Portada\",\"item\":\"https:\\\/\\\/pdpexpert.com\\\/\"},{\"@type\":\"ListItem\",\"position\":2,\"name\":\"La Mobilit\u00e9 Intelligente et la Transformation de l&#8217;Usage Mobile dans le Secteur des Transports\"}]},{\"@type\":\"WebSite\",\"@id\":\"https:\\\/\\\/pdpexpert.com\\\/#website\",\"url\":\"https:\\\/\\\/pdpexpert.com\\\/\",\"name\":\"PDP EXPERT\",\"description\":\"\",\"publisher\":{\"@id\":\"https:\\\/\\\/pdpexpert.com\\\/#organization\"},\"potentialAction\":[{\"@type\":\"SearchAction\",\"target\":{\"@type\":\"EntryPoint\",\"urlTemplate\":\"https:\\\/\\\/pdpexpert.com\\\/?s={search_term_string}\"},\"query-input\":{\"@type\":\"PropertyValueSpecification\",\"valueRequired\":true,\"valueName\":\"search_term_string\"}}],\"inLanguage\":\"en-US\"},{\"@type\":\"Organization\",\"@id\":\"https:\\\/\\\/pdpexpert.com\\\/#organization\",\"name\":\"PDP EXPERT\",\"url\":\"https:\\\/\\\/pdpexpert.com\\\/\",\"logo\":{\"@type\":\"ImageObject\",\"inLanguage\":\"en-US\",\"@id\":\"https:\\\/\\\/pdpexpert.com\\\/#\\\/schema\\\/logo\\\/image\\\/\",\"url\":\"https:\\\/\\\/pdpexpert.com\\\/wp-content\\\/uploads\\\/2025\\\/07\\\/cropped-cropped-Logo-letras-azules-fondo-transparente.png\",\"contentUrl\":\"https:\\\/\\\/pdpexpert.com\\\/wp-content\\\/uploads\\\/2025\\\/07\\\/cropped-cropped-Logo-letras-azules-fondo-transparente.png\",\"width\":2000,\"height\":486,\"caption\":\"PDP EXPERT\"},\"image\":{\"@id\":\"https:\\\/\\\/pdpexpert.com\\\/#\\\/schema\\\/logo\\\/image\\\/\"}},{\"@type\":\"Person\",\"@id\":\"https:\\\/\\\/pdpexpert.com\\\/#\\\/schema\\\/person\\\/eb27f5f319c39fc93067d30adc974703\",\"name\":\"Fernando Balarezo\",\"image\":{\"@type\":\"ImageObject\",\"inLanguage\":\"en-US\",\"@id\":\"https:\\\/\\\/secure.gravatar.com\\\/avatar\\\/f4d703b6a261194a246218158fd42fb60fe4330be47708205f6cac077e9cfc0d?s=96&d=mm&r=g\",\"url\":\"https:\\\/\\\/secure.gravatar.com\\\/avatar\\\/f4d703b6a261194a246218158fd42fb60fe4330be47708205f6cac077e9cfc0d?s=96&d=mm&r=g\",\"contentUrl\":\"https:\\\/\\\/secure.gravatar.com\\\/avatar\\\/f4d703b6a261194a246218158fd42fb60fe4330be47708205f6cac077e9cfc0d?s=96&d=mm&r=g\",\"caption\":\"Fernando Balarezo\"},\"sameAs\":[\"https:\\\/\\\/pdpexpert.com\"],\"url\":\"https:\\\/\\\/pdpexpert.com\\\/en\\\/author\\\/pdpexpertecgmail-com\\\/\"}]}<\/script>\n<!-- \/ Yoast SEO plugin. -->","yoast_head_json":{"title":"La Mobilit\u00e9 Intelligente et la Transformation de l'Usage Mobile dans le Secteur des Transports - PDP Expert","robots":{"index":"index","follow":"follow","max-snippet":"max-snippet:-1","max-image-preview":"max-image-preview:large","max-video-preview":"max-video-preview:-1"},"canonical":"https:\/\/pdpexpert.com\/en\/la-mobilite-intelligente-et-la-transformation-de-l-usage-mobile-dans-le-secteur-des-transports\/","og_locale":"en_US","og_type":"article","og_title":"La Mobilit\u00e9 Intelligente et la Transformation de l'Usage Mobile dans le Secteur des Transports - PDP Expert","og_description":"La r\u00e9volution num\u00e9rique a profond\u00e9ment boulevers\u00e9 la mani\u00e8re dont nous concevons la mobilit\u00e9 urbaine. Dans un contexte o\u00f9 la demande pour des solutions de transport plus rapides, \u00e9cologiques et personnalis\u00e9es ne cesse de cro\u00eetre, les entreprises et les gouvernements investissent massivement dans des innovations technologiques. Parmi ces innovations, les applications mobiles jouent un r\u00f4le central, [&hellip;]","og_url":"https:\/\/pdpexpert.com\/en\/la-mobilite-intelligente-et-la-transformation-de-l-usage-mobile-dans-le-secteur-des-transports\/","og_site_name":"PDP Expert","article_published_time":"2025-08-21T13:27:22+00:00","article_modified_time":"2026-08-21T11:27:24+00:00","author":"Fernando Balarezo","twitter_card":"summary_large_image","twitter_misc":{"Written by":"Fernando Balarezo","Est. reading time":"4 minutes"},"schema":{"@context":"https:\/\/schema.org","@graph":[{"@type":"Article","@id":"https:\/\/pdpexpert.com\/la-mobilite-intelligente-et-la-transformation-de-l-usage-mobile-dans-le-secteur-des-transports\/#article","isPartOf":{"@id":"https:\/\/pdpexpert.com\/la-mobilite-intelligente-et-la-transformation-de-l-usage-mobile-dans-le-secteur-des-transports\/"},"author":{"name":"Fernando Balarezo","@id":"https:\/\/pdpexpert.com\/#\/schema\/person\/eb27f5f319c39fc93067d30adc974703"},"headline":"La Mobilit\u00e9 Intelligente et la Transformation de l&#8217;Usage Mobile dans le Secteur des Transports","datePublished":"2025-08-21T13:27:22+00:00","dateModified":"2026-08-21T11:27:24+00:00","mainEntityOfPage":{"@id":"https:\/\/pdpexpert.com\/la-mobilite-intelligente-et-la-transformation-de-l-usage-mobile-dans-le-secteur-des-transports\/"},"wordCount":756,"commentCount":0,"publisher":{"@id":"https:\/\/pdpexpert.com\/#organization"},"inLanguage":"en-US","potentialAction":[{"@type":"CommentAction","name":"Comment","target":["https:\/\/pdpexpert.com\/la-mobilite-intelligente-et-la-transformation-de-l-usage-mobile-dans-le-secteur-des-transports\/#respond"]}]},{"@type":"WebPage","@id":"https:\/\/pdpexpert.com\/la-mobilite-intelligente-et-la-transformation-de-l-usage-mobile-dans-le-secteur-des-transports\/","url":"https:\/\/pdpexpert.com\/la-mobilite-intelligente-et-la-transformation-de-l-usage-mobile-dans-le-secteur-des-transports\/","name":"La Mobilit\u00e9 Intelligente et la Transformation de l'Usage Mobile dans le Secteur des Transports - PDP Expert","isPartOf":{"@id":"https:\/\/pdpexpert.com\/#website"},"datePublished":"2025-08-21T13:27:22+00:00","dateModified":"2026-08-21T11:27:24+00:00","breadcrumb":{"@id":"https:\/\/pdpexpert.com\/la-mobilite-intelligente-et-la-transformation-de-l-usage-mobile-dans-le-secteur-des-transports\/#breadcrumb"},"inLanguage":"en-US","potentialAction":[{"@type":"ReadAction","target":["https:\/\/pdpexpert.com\/la-mobilite-intelligente-et-la-transformation-de-l-usage-mobile-dans-le-secteur-des-transports\/"]}]},{"@type":"BreadcrumbList","@id":"https:\/\/pdpexpert.com\/la-mobilite-intelligente-et-la-transformation-de-l-usage-mobile-dans-le-secteur-des-transports\/#breadcrumb","itemListElement":[{"@type":"ListItem","position":1,"name":"Portada","item":"https:\/\/pdpexpert.com\/"},{"@type":"ListItem","position":2,"name":"La Mobilit\u00e9 Intelligente et la Transformation de l&#8217;Usage Mobile dans le Secteur des Transports"}]},{"@type":"WebSite","@id":"https:\/\/pdpexpert.com\/#website","url":"https:\/\/pdpexpert.com\/","name":"PDP EXPERT","description":"","publisher":{"@id":"https:\/\/pdpexpert.com\/#organization"},"potentialAction":[{"@type":"SearchAction","target":{"@type":"EntryPoint","urlTemplate":"https:\/\/pdpexpert.com\/?s={search_term_string}"},"query-input":{"@type":"PropertyValueSpecification","valueRequired":true,"valueName":"search_term_string"}}],"inLanguage":"en-US"},{"@type":"Organization","@id":"https:\/\/pdpexpert.com\/#organization","name":"PDP EXPERT","url":"https:\/\/pdpexpert.com\/","logo":{"@type":"ImageObject","inLanguage":"en-US","@id":"https:\/\/pdpexpert.com\/#\/schema\/logo\/image\/","url":"https:\/\/pdpexpert.com\/wp-content\/uploads\/2025\/07\/cropped-cropped-Logo-letras-azules-fondo-transparente.png","contentUrl":"https:\/\/pdpexpert.com\/wp-content\/uploads\/2025\/07\/cropped-cropped-Logo-letras-azules-fondo-transparente.png","width":2000,"height":486,"caption":"PDP EXPERT"},"image":{"@id":"https:\/\/pdpexpert.com\/#\/schema\/logo\/image\/"}},{"@type":"Person","@id":"https:\/\/pdpexpert.com\/#\/schema\/person\/eb27f5f319c39fc93067d30adc974703","name":"Fernando Balarezo","image":{"@type":"ImageObject","inLanguage":"en-US","@id":"https:\/\/secure.gravatar.com\/avatar\/f4d703b6a261194a246218158fd42fb60fe4330be47708205f6cac077e9cfc0d?s=96&d=mm&r=g","url":"https:\/\/secure.gravatar.com\/avatar\/f4d703b6a261194a246218158fd42fb60fe4330be47708205f6cac077e9cfc0d?s=96&d=mm&r=g","contentUrl":"https:\/\/secure.gravatar.com\/avatar\/f4d703b6a261194a246218158fd42fb60fe4330be47708205f6cac077e9cfc0d?s=96&d=mm&r=g","caption":"Fernando Balarezo"},"sameAs":["https:\/\/pdpexpert.com"],"url":"https:\/\/pdpexpert.com\/en\/author\/pdpexpertecgmail-com\/"}]}},"_links":{"self":[{"href":"https:\/\/pdpexpert.com\/en\/wp-json\/wp\/v2\/posts\/6028","targetHints":{"allow":["GET"]}}],"collection":[{"href":"https:\/\/pdpexpert.com\/en\/wp-json\/wp\/v2\/posts"}],"about":[{"href":"https:\/\/pdpexpert.com\/en\/wp-json\/wp\/v2\/types\/post"}],"author":[{"embeddable":true,"href":"https:\/\/pdpexpert.com\/en\/wp-json\/wp\/v2\/users\/1"}],"replies":[{"embeddable":true,"href":"https:\/\/pdpexpert.com\/en\/wp-json\/wp\/v2\/comments?post=6028"}],"version-history":[{"count":1,"href":"https:\/\/pdpexpert.com\/en\/wp-json\/wp\/v2\/posts\/6028\/revisions"}],"predecessor-version":[{"id":6029,"href":"https:\/\/pdpexpert.com\/en\/wp-json\/wp\/v2\/posts\/6028\/revisions\/6029"}],"wp:attachment":[{"href":"https:\/\/pdpexpert.com\/en\/wp-json\/wp\/v2\/media?parent=6028"}],"wp:term":[{"taxonomy":"category","embeddable":true,"href":"https:\/\/pdpexpert.com\/en\/wp-json\/wp\/v2\/categories?post=6028"},{"taxonomy":"post_tag","embeddable":true,"href":"https:\/\/pdpexpert.com\/en\/wp-json\/wp\/v2\/tags?post=6028"}],"curies":[{"name":"wp","href":"https:\/\/api.w.org\/{rel}","templated":true}]}}